{"id":5470,"date":"2024-07-25T17:47:18","date_gmt":"2024-07-25T23:47:18","guid":{"rendered":"https:\/\/oliverpuente.com\/?p=5470"},"modified":"2024-07-25T17:48:31","modified_gmt":"2024-07-25T23:48:31","slug":"personal-branding-deberia-trabajar-con-mi-marca-personal-o-empresarial","status":"publish","type":"post","link":"https:\/\/oliverpuente.com\/en\/branding\/personal-branding-deberia-trabajar-con-mi-marca-personal-o-empresarial\/","title":{"rendered":"Personal branding Should I work on my personal or business brand?"},"content":{"rendered":"<p class=\"has-medium-font-size wp-block-paragraph\" style=\"line-height:1.8\">El personal branding, o marca personal, <strong>ha surgido como una necesidad en el mercado profesional actual.<\/strong><\/p>\n\n\n\n<p class=\"has-medium-font-size wp-block-paragraph\" style=\"line-height:1.8\">Tienes, por un lado, montones de profesionales que compiten por los mismos puestos de trabajo y, por otro lado, empresas que compiten por aterrizar los mismos clientes con estrategias y equipos m\u00e1s grandes de lo que la persona promedio puede igualar en rendimiento o capacidad.<\/p>\n\n\n\n<p class=\"has-medium-font-size wp-block-paragraph\" style=\"line-height:1.8\">El personal branding se origina como este proceso natural de diferenciaci\u00f3n entre competidores de un mismo mercado. La regla general es que cuando todos hacen <em>\u201cBOOM\u201d<\/em> tus haces \u201cBAM\u201d y cuando todos hacen \u201cBAM\u201d t\u00fa haces \u201cBEM\u201d. Si los competidores hacen \u201cZig\u201d t\u00fa haces \u201cZag\u201d y si todos hacen \u201cZag\u201d t\u00fa haces \u201cZuugs\u201d.<\/p>\n\n\n\n<p class=\"has-medium-font-size wp-block-paragraph\" style=\"line-height:1.8\">Creo que me doy a entender. El personal branding se trata, al igual que cualquier estrategia exitosa de branding, <strong>de crear diferencias<\/strong><\/p>\n\n\n\n<p class=\"has-medium-font-size wp-block-paragraph\" style=\"line-height:1.8\">No se trata solo de tener una presencia online atractiva, sino de gestionar c\u00f3mo te perciben los dem\u00e1s y c\u00f3mo te diferencias en un mercado saturado. La creaci\u00f3n de una marca personal s\u00f3lida puede abrirte puertas a nuevas oportunidades profesionales y mejorar significativamente tu reputaci\u00f3n en tu campo.<\/p>\n\n\n\n<h2 class=\"wp-block-heading\">Historia del personal branding: Desde 1997 hasta Hoy<\/h2>\n\n\n\n<p class=\"has-medium-font-size wp-block-paragraph\" style=\"line-height:1.8\">El t\u00e9rmino personal branding fue acu\u00f1ado originalmente por Tom Peters en 1997, en su art\u00edculo \u201cThe Brand Called You\u201d para la revista Fast Company. <\/p>\n\n\n\n<p class=\"has-medium-font-size wp-block-paragraph\" style=\"line-height:1.8\">Peters preve\u00eda un futuro donde cada persona ser\u00eda responsable de gestionar su propia marca, similar a como lo har\u00edan las grandes corporaciones. Hoy en d\u00eda, esta visi\u00f3n se ha hecho realidad, y el personal branding se ha convertido en una pr\u00e1ctica com\u00fan entre profesionales de diversas industrias.<\/p>\n\n\n\n<p class=\"has-medium-font-size wp-block-paragraph\" style=\"line-height:1.8\">O en otras palabras, si no defines tu marca personal, <strong>otros lo van a hacer por ti.<\/strong><\/p>\n\n\n\n<h2 class=\"wp-block-heading\" style=\"line-height:1.2\">Qu\u00e9 es Personal Branding: M\u00e1s all\u00e1 de una simple definici\u00f3n<\/h2>\n\n\n\n<p class=\"has-medium-font-size wp-block-paragraph\" style=\"line-height:1.8\">La marca personal es la <strong>percepci\u00f3n que los dem\u00e1s tienen de ti, basada en tus acciones, actitudes y la manera en que te presentas en tu entorno.<\/strong> <\/p>\n\n\n\n<p class=\"has-medium-font-size wp-block-paragraph\" style=\"line-height:1.8\">Es un conjunto de atributos intangibles que generan una percepci\u00f3n o valor percibido en tu audiencia. El personal branding, por su parte, es el proceso de gestionar y desarrollar esta marca para fortalecer tu posici\u00f3n en el mercado y comunicar claramente qui\u00e9n eres, qu\u00e9 ofreces y por qu\u00e9 eres relevante.<\/p>\n\n\n\n<h2 class=\"wp-block-heading\">Marca personal vs. Marca comercial<\/h2>\n\n\n\n<p class=\"has-medium-font-size wp-block-paragraph\" style=\"line-height:1.8\">Cuando emprendes una pregunta que puede venir a tu mente es<em> \u201c\u00bfUso mi marca personal o mi marca comercial?\u201d<\/em> <\/p>\n\n\n\n<p class=\"has-medium-font-size wp-block-paragraph\" style=\"line-height:1.8\">La realidad es que cuando hacemos esta pregunta, realmente lo que estamos preguntando es \u00bfCu\u00e1l me dar\u00e1 m\u00e1s dinero y tiene el potencial de crecer m\u00e1s?<\/p>\n\n\n\n<p class=\"has-medium-font-size wp-block-paragraph\" style=\"line-height:1.8\">Eso puede generar un sentimiento conflictivo sobre qu\u00e9 hacer y cu\u00e1l merece nuestro tiempo. Como alguien que ha trabajado ambos, en mi experiencia lo mejor es ver pros y contras del personal branding vs. marca comercial<\/p>\n\n\n\n<figure class=\"wp-block-table\"><table><tbody><tr><td>Categor\u00eda<\/td><td>PRO<\/td><td>CONTRAS<\/td><\/tr><tr><td>Marca personal<\/td><td>Est\u00e1 ligado a tu persona por lo que su beneficio te beneficia<\/td><td>Todas las marcas personales iniciaron como un desconocido<\/td><\/tr><tr><td>Marca personal<\/td><td>Est\u00e1s en control de tu tiempo<\/td><td>Tienes que imponerte como el experto y eso requiere tiempo<\/td><\/tr><tr><td>Marca personal<\/td><td>Es m\u00e1s efectivo si apuntas a un estilo de vida freelance<\/td><td>No es tan efectivo si buscas delegar<\/td><\/tr><tr><td>Marca personal<\/td><td>Es m\u00e1s f\u00e1cil de conectar con tus clientes<\/td><td>Tu carisma juega un rol vital en el proceso de ventas<\/td><\/tr><tr><td>Marca personal<\/td><td>Puedes pivotar de una industria m\u00e1s f\u00e1cilmente<\/td><td>Reinventarte a ti mismo puede ser desgastante<\/td><\/tr><tr><td>Marca personal<\/td><td>Los clientes te buscan por qui\u00e9n eres y lo que puedes hacer para ayudarles<\/td><td>Los clientes desean trabajar directamente contigo<\/td><\/tr><tr><td>Marca comercial<\/td><td>Es m\u00e1s escalable<\/td><td>Requiere mayor inversi\u00f3n<\/td><\/tr><tr><td>Marca comercial<\/td><td>Te permite mayor flexibilidad para elegir un nombre y llevar a cabo iniciativas<\/td><td>Tienes que tener conocimientos b\u00e1sicos de Marketing y branding<\/td><\/tr><tr><td>Marca comercial<\/td><td>Puedes delegar f\u00e1cilmente tus tareas<\/td><td>No todos tus empleados van a trabajar tan duro como t\u00fa, por lo que tienes que hacer un esfuerzo adicional por mantener la calidad del producto<\/td><\/tr><\/tbody><\/table><figcaption class=\"wp-element-caption\">Tabla comparativa de personal branding vs. marca comercial (2024)<\/figcaption><\/figure>\n\n\n\n<h2 class=\"wp-block-heading\">La importancia de Administrar tu propia marca personal<\/h2>\n\n\n\n<p class=\"has-medium-font-size wp-block-paragraph\" style=\"line-height:1.8\">Todos tenemos una marca personal, nos guste o no. <\/p>\n\n\n\n<p class=\"has-medium-font-size wp-block-paragraph\" style=\"line-height:1.8\">La clave est\u00e1 en administrarla correctamente para que trabaje a nuestro favor. <\/p>\n\n\n\n<p class=\"has-medium-font-size wp-block-paragraph\" style=\"line-height:1.8\">Una marca personal bien gestionada puede abrirte las puertas a mejores oportunidades laborales, atraer clientes de calidad y permitirte cobrar tarifas m\u00e1s altas. <\/p>\n\n\n\n<p class=\"has-medium-font-size wp-block-paragraph\" style=\"line-height:1.8\">Por ejemplo, una persona con una marca personal s\u00f3lida puede ser contratada directamente sin pasar por los procesos de selecci\u00f3n convencionales, porque su reputaci\u00f3n les precede.<\/p>\n\n\n\n<h2 class=\"wp-block-heading\">Construye tu marca personal sin morir en el intento: una gu\u00eda paso a paso<\/h2>\n\n\n\n<h4 class=\"wp-block-heading\">Con\u00f3cete a ti mismo: Definici\u00f3n de identidad y objetivos<\/h4>\n\n\n\n<p class=\"has-medium-font-size wp-block-paragraph\" style=\"line-height:1.8\">El primer paso para construir una marca personal es conocerte a ti mismo. <\/p>\n\n\n\n<p class=\"has-medium-font-size wp-block-paragraph\" style=\"line-height:1.8\">Debes entender cu\u00e1les son tus fortalezas, debilidades, pasiones y objetivos. <\/p>\n\n\n\n<p class=\"has-medium-font-size wp-block-paragraph\" style=\"line-height:1.8\">Reflexiona sobre lo que te apasiona y lo que te diferencia de los dem\u00e1s. Si a\u00fan no sabes lo que te apasiona, prueba diferentes actividades hasta encontrar aquello que realmente te entusiasma. <\/p>\n\n\n\n<p class=\"has-medium-font-size wp-block-paragraph\" style=\"line-height:1.8\">Despu\u00e9s de esto puedes plantear que deseas que logre la marca persona \u00bfEs aterrizar un trabajo? \u00bfObtener atenci\u00f3n de los medios? \u00bfAtraer un tipo de cliente espec\u00edfico? De manera \u00faltima define que har\u00e1s con esa marca personal<\/p>\n\n\n\n<p class=\"has-medium-font-size wp-block-paragraph\" style=\"line-height:1.8\">Igualmente, tengo un<a href=\"https:\/\/youtu.be\/O3X5R5ZyKyM?si=RzsNzpegS5NoSjFI\"> v\u00eddeo<\/a> en mi canal de YouTube que puede interesarte<\/p>\n\n\n\n<figure class=\"wp-block-embed is-type-video is-provider-youtube wp-block-embed-youtube wp-embed-aspect-16-9 wp-has-aspect-ratio\"><div class=\"wp-block-embed__wrapper\">\n<iframe title=\"\u2764\ufe0f \u00bfQu\u00e9 es personal branding? \u00bfC\u00f3mo crear una marca personal exitosa? personal branding en espa\u00f1ol.\" width=\"500\" height=\"281\" src=\"https:\/\/www.youtube.com\/embed\/O3X5R5ZyKyM?feature=oembed\" frameborder=\"0\" allow=\"accelerometer; autoplay; clipboard-write; encrypted-media; gyroscope; picture-in-picture; web-share\" referrerpolicy=\"strict-origin-when-cross-origin\" allowfullscreen><\/iframe>\n<\/div><\/figure>\n\n\n\n<h4 class=\"wp-block-heading\">Difer\u00e9nciate del resto: Especializaci\u00f3n y nichos<\/h4>\n\n\n\n<p class=\"has-medium-font-size wp-block-paragraph\" style=\"line-height:1.8\">Para destacarte en un mercado saturado, es crucial especializarte en un nicho espec\u00edfico.<\/p>\n\n\n\n<p class=\"has-medium-font-size wp-block-paragraph\" style=\"line-height:1.8\">Por ejemplo, si eres dise\u00f1ador gr\u00e1fico, puedes especializarte en animaci\u00f3n para la industria hotelera. Aunque pueda parecer que te limitas,<strong> en realidad, te posicionas como un experto en un \u00e1rea particular,<\/strong> lo que puede atraer a un grupo espec\u00edfico de clientes que buscan exactamente tus habilidades.<\/p>\n\n\n\n<h4 class=\"wp-block-heading\">Presencia Online: Creaci\u00f3n de contenido que engancha<\/h4>\n\n\n\n<p class=\"has-medium-font-size wp-block-paragraph\" style=\"line-height:1.8\">La creaci\u00f3n de contenido es fundamental para construir y mantener tu marca personal. <\/p>\n\n\n\n<p class=\"has-medium-font-size wp-block-paragraph\" style=\"line-height:1.8\">Publica art\u00edculos, videos y otros tipos de contenido regularmente para posicionarte como un experto en tu campo. Utiliza las redes sociales y el SEO para aumentar tu visibilidad y atraer a tu audiencia.<\/p>\n\n\n\n<h4 class=\"wp-block-heading\">Popularidad vs. Influencia: La gran confusi\u00f3n<\/h4>\n\n\n\n<p class=\"has-medium-font-size wp-block-paragraph\" style=\"line-height:1.8\">Es com\u00fan confundir popularidad con influencia. Tener muchos seguidores no necesariamente se traduce en una marca personal efectiva. La verdadera influencia se mide por la capacidad de impactar las decisiones de tu audiencia. <\/p>\n\n\n\n<p class=\"has-medium-font-size wp-block-paragraph\" style=\"line-height:1.8\">Una influencer que solo sube fotos atractivas en bikini puede tener muchos seguidores que le alaben y le tiren flores, pero si nadie le compra, no podemos afirmar que tiene influencia sobre los dem\u00e1s.<\/p>\n\n\n\n<h2 class=\"wp-block-heading\">Niveles de Visibilidad: De h\u00e9roe local a superestrella global<\/h2>\n\n\n\n<p class=\"has-medium-font-size wp-block-paragraph\" style=\"line-height:1.8\">Existen varios niveles de visibilidad en el personal branding, desde ser un experto local hasta una superestrella global. Un experto local es conocido por su c\u00edrculo cercano, mientras que una superestrella global es reconocida en m\u00faltiples pa\u00edses y puede cobrar tarifas premium. Escalar estos niveles requiere tiempo, esfuerzo y una estrategia bien definida.<\/p>\n\n\n\n<h4 class=\"wp-block-heading\">Beneficios de un personal branding s\u00f3lido<\/h4>\n\n\n\n<p class=\"has-medium-font-size wp-block-paragraph\" style=\"line-height:1.8\">Un personal branding s\u00f3lido te permite mejorar tus oportunidades profesionales, atraer clientes de mayor calidad y cobrar tarifas m\u00e1s altas. Adem\u00e1s, puedes eliminar la competencia directa al posicionarte como un l\u00edder en tu nicho.<\/p>\n\n\n\n<h4 class=\"wp-block-heading\">Incrementa tu influencia y reputaci\u00f3n<\/h4>\n\n\n\n<p class=\"has-medium-font-size wp-block-paragraph\" style=\"line-height:1.8\">Desarrollar una marca personal fuerte te permite tener una mayor influencia en tu campo y mejorar tu reputaci\u00f3n. Esto no solo te beneficia a nivel profesional, sino que tambi\u00e9n te permite generar un impacto positivo en las personas a tu alrededor.<\/p>\n\n\n\n<h2 class=\"wp-block-heading\">El futuro brillante del personal branding<\/h2>\n\n\n\n<p class=\"has-medium-font-size wp-block-paragraph\" style=\"line-height:1.8\">El personal branding no es una moda pasajera, sino una necesidad en el mundo moderno. <\/p>\n\n\n\n<p class=\"has-medium-font-size wp-block-paragraph\" style=\"line-height:1.8\">A medida que avanzamos en la era digital, la importancia de gestionar tu marca personal continuar\u00e1 creciendo. Al aplicar estrategias efectivas de personal branding, puedes asegurarte de que tu marca personal no solo sea reconocida, sino tambi\u00e9n respetada y valorada.<\/p>","protected":false},"excerpt":{"rendered":"<p>El personal branding, o marca personal, ha surgido como una necesidad en el mercado profesional actual. Tienes, por un lado, [&hellip;]<\/p>","protected":false},"author":1,"featured_media":0,"comment_status":"open","ping_status":"open","sticky":false,"template":"","format":"standard","meta":{"site-sidebar-layout":"default","site-content-layout":"","ast-site-content-layout":"default","site-content-style":"default","site-sidebar-style":"default","ast-global-header-display":"","ast-banner-title-visibility":"","ast-main-header-display":"","ast-hfb-above-header-display":"","ast-hfb-below-header-display":"","ast-hfb-mobile-header-display":"","site-post-title":"","ast-breadcrumbs-content":"","ast-featured-img":"","footer-sml-layout":"","ast-disable-related-posts":"","theme-transparent-header-meta":"","adv-header-id-meta":"","stick-header-meta":"","header-above-stick-meta":"","header-main-stick-meta":"","header-below-stick-meta":"","astra-migrate-meta-layouts":"set","ast-page-background-enabled":"default","ast-page-background-meta":{"desktop":{"background-color":"var(--ast-global-color-4)","background-image":"","background-repeat":"repeat","background-position":"center center","background-size":"auto","background-attachment":"scroll","background-type":"","background-media":"","overlay-type":"","overlay-color":"","overlay-opacity":"","overlay-gradient":""},"tablet":{"background-color":"","background-image":"","background-repeat":"repeat","background-position":"center center","background-size":"auto","background-attachment":"scroll","background-type":"","background-media":"","overlay-type":"","overlay-color":"","overlay-opacity":"","overlay-gradient":""},"mobile":{"background-color":"","background-image":"","background-repeat":"repeat","background-position":"center center","background-size":"auto","background-attachment":"scroll","background-type":"","background-media":"","overlay-type":"","overlay-color":"","overlay-opacity":"","overlay-gradient":""}},"ast-content-background-meta":{"desktop":{"background-color":"var(--ast-global-color-5)","background-image":"","background-repeat":"repeat","background-position":"center center","background-size":"auto","background-attachment":"scroll","background-type":"","background-media":"","overlay-type":"","overlay-color":"","overlay-opacity":"","overlay-gradient":""},"tablet":{"background-color":"var(--ast-global-color-5)","background-image":"","background-repeat":"repeat","background-position":"center center","background-size":"auto","background-attachment":"scroll","background-type":"","background-media":"","overlay-type":"","overlay-color":"","overlay-opacity":"","overlay-gradient":""},"mobile":{"background-color":"var(--ast-global-color-5)","background-image":"","background-repeat":"repeat","background-position":"center center","background-size":"auto","background-attachment":"scroll","background-type":"","background-media":"","overlay-type":"","overlay-color":"","overlay-opacity":"","overlay-gradient":""}},"footnotes":""},"categories":[13],"tags":[],"class_list":["post-5470","post","type-post","status-publish","format-standard","hentry","category-branding"],"yoast_head":"<!-- This site is optimized with the Yoast SEO Premium plugin v20.11 (Yoast SEO v28.4) - https:\/\/yoast.com\/product\/yoast-seo-premium-wordpress\/ -->\n<title>Personal branding \u00bfDeber\u00eda trabajar con mi marca personal o empresarial?<\/title>\n<meta name=\"description\" content=\"Personal branding - Descubre como gestionar y mejorar tu marca personal en este completo art\u00edculo de branding\" \/>\n<meta name=\"robots\" content=\"index, follow, max-snippet:-1, max-image-preview:large, max-video-preview:-1\" \/>\n<link rel=\"canonical\" href=\"https:\/\/oliverpuente.com\/en\/branding\/personal-branding-deberia-trabajar-con-mi-marca-personal-o-empresarial\/\" \/>\n<meta property=\"og:locale\" content=\"en_US\" \/>\n<meta property=\"og:type\" content=\"article\" \/>\n<meta property=\"og:title\" content=\"Personal branding \u00bfDeber\u00eda trabajar con mi marca personal o empresarial?\" \/>\n<meta property=\"og:description\" content=\"Branding\" \/>\n<meta property=\"og:url\" content=\"https:\/\/oliverpuente.com\/en\/branding\/personal-branding-deberia-trabajar-con-mi-marca-personal-o-empresarial\/\" \/>\n<meta property=\"og:site_name\" content=\"oliverpuente\" \/>\n<meta property=\"article:publisher\" content=\"https:\/\/www.facebook.com\/oliver.branding\" \/>\n<meta property=\"article:author\" content=\"https:\/\/www.facebook.com\/oliver.branding\" \/>\n<meta property=\"article:published_time\" content=\"2024-07-25T23:47:18+00:00\" \/>\n<meta property=\"article:modified_time\" content=\"2024-07-25T23:48:31+00:00\" \/>\n<meta property=\"og:image\" content=\"https:\/\/oliverpuente.com\/wp-content\/uploads\/2023\/10\/ilustracion-y-patronesRecurso-26@2x.png\" \/>\n\t<meta property=\"og:image:width\" content=\"738\" \/>\n\t<meta property=\"og:image:height\" content=\"562\" \/>\n\t<meta property=\"og:image:type\" content=\"image\/png\" \/>\n<meta name=\"author\" content=\"Oliver Puente\" \/>\n<meta name=\"twitter:card\" content=\"summary_large_image\" \/>\n<meta name=\"twitter:label1\" content=\"Written by\" \/>\n\t<meta name=\"twitter:data1\" content=\"Oliver Puente\" \/>\n\t<meta name=\"twitter:label2\" content=\"Est. reading time\" \/>\n\t<meta name=\"twitter:data2\" content=\"6 minutes\" \/>\n<script type=\"application\/ld+json\" class=\"yoast-schema-graph\">{\"@context\":\"https:\\\/\\\/schema.org\",\"@graph\":[{\"@type\":\"Article\",\"@id\":\"https:\\\/\\\/oliverpuente.com\\\/branding\\\/personal-branding-deberia-trabajar-con-mi-marca-personal-o-empresarial\\\/#article\",\"isPartOf\":{\"@id\":\"https:\\\/\\\/oliverpuente.com\\\/branding\\\/personal-branding-deberia-trabajar-con-mi-marca-personal-o-empresarial\\\/\"},\"author\":{\"name\":\"Oliver Puente\",\"@id\":\"https:\\\/\\\/oliverpuente.com\\\/#\\\/schema\\\/person\\\/84c34fc032a089970dd7d3a9cf7899c7\"},\"headline\":\"Personal branding \u00bfDeber\u00eda trabajar con mi marca personal o empresarial?\",\"datePublished\":\"2024-07-25T23:47:18+00:00\",\"dateModified\":\"2024-07-25T23:48:31+00:00\",\"mainEntityOfPage\":{\"@id\":\"https:\\\/\\\/oliverpuente.com\\\/branding\\\/personal-branding-deberia-trabajar-con-mi-marca-personal-o-empresarial\\\/\"},\"wordCount\":1354,\"commentCount\":0,\"publisher\":{\"@id\":\"https:\\\/\\\/oliverpuente.com\\\/#\\\/schema\\\/person\\\/84c34fc032a089970dd7d3a9cf7899c7\"},\"articleSection\":[\"Branding\"],\"inLanguage\":\"en-US\",\"potentialAction\":[{\"@type\":\"CommentAction\",\"name\":\"Comment\",\"target\":[\"https:\\\/\\\/oliverpuente.com\\\/branding\\\/personal-branding-deberia-trabajar-con-mi-marca-personal-o-empresarial\\\/#respond\"]}]},{\"@type\":\"WebPage\",\"@id\":\"https:\\\/\\\/oliverpuente.com\\\/branding\\\/personal-branding-deberia-trabajar-con-mi-marca-personal-o-empresarial\\\/\",\"url\":\"https:\\\/\\\/oliverpuente.com\\\/branding\\\/personal-branding-deberia-trabajar-con-mi-marca-personal-o-empresarial\\\/\",\"name\":\"Personal branding \u00bfDeber\u00eda trabajar con mi marca personal o empresarial?\",\"isPartOf\":{\"@id\":\"https:\\\/\\\/oliverpuente.com\\\/#website\"},\"datePublished\":\"2024-07-25T23:47:18+00:00\",\"dateModified\":\"2024-07-25T23:48:31+00:00\",\"description\":\"Personal branding - Descubre como gestionar y mejorar tu marca personal en este completo art\u00edculo de branding\",\"breadcrumb\":{\"@id\":\"https:\\\/\\\/oliverpuente.com\\\/branding\\\/personal-branding-deberia-trabajar-con-mi-marca-personal-o-empresarial\\\/#breadcrumb\"},\"inLanguage\":\"en-US\",\"potentialAction\":[{\"@type\":\"ReadAction\",\"target\":[\"https:\\\/\\\/oliverpuente.com\\\/branding\\\/personal-branding-deberia-trabajar-con-mi-marca-personal-o-empresarial\\\/\"]}]},{\"@type\":\"BreadcrumbList\",\"@id\":\"https:\\\/\\\/oliverpuente.com\\\/branding\\\/personal-branding-deberia-trabajar-con-mi-marca-personal-o-empresarial\\\/#breadcrumb\",\"itemListElement\":[{\"@type\":\"ListItem\",\"position\":1,\"name\":\"Home\",\"item\":\"https:\\\/\\\/oliverpuente.com\\\/\"},{\"@type\":\"ListItem\",\"position\":2,\"name\":\"Personal branding \u00bfDeber\u00eda trabajar con mi marca personal o empresarial?\"}]},{\"@type\":\"WebSite\",\"@id\":\"https:\\\/\\\/oliverpuente.com\\\/#website\",\"url\":\"https:\\\/\\\/oliverpuente.com\\\/\",\"name\":\"oliverpuente\",\"description\":\"Identidad de marca - Dise\u00f1ador de identidad de marca\",\"publisher\":{\"@id\":\"https:\\\/\\\/oliverpuente.com\\\/#\\\/schema\\\/person\\\/84c34fc032a089970dd7d3a9cf7899c7\"},\"alternateName\":\"Oliver Puente\",\"potentialAction\":[{\"@type\":\"SearchAction\",\"target\":{\"@type\":\"EntryPoint\",\"urlTemplate\":\"https:\\\/\\\/oliverpuente.com\\\/?s={search_term_string}\"},\"query-input\":{\"@type\":\"PropertyValueSpecification\",\"valueRequired\":true,\"valueName\":\"search_term_string\"}}],\"inLanguage\":\"en-US\"},{\"@type\":[\"Person\",\"Organization\"],\"@id\":\"https:\\\/\\\/oliverpuente.com\\\/#\\\/schema\\\/person\\\/84c34fc032a089970dd7d3a9cf7899c7\",\"name\":\"Oliver Puente\",\"image\":{\"@type\":\"ImageObject\",\"inLanguage\":\"en-US\",\"@id\":\"https:\\\/\\\/oliverpuente.com\\\/wp-content\\\/uploads\\\/2023\\\/10\\\/oliver-puente-logo-imagotipo-principal-full-color-rgb.svg\",\"url\":\"https:\\\/\\\/oliverpuente.com\\\/wp-content\\\/uploads\\\/2023\\\/10\\\/oliver-puente-logo-imagotipo-principal-full-color-rgb.svg\",\"contentUrl\":\"https:\\\/\\\/oliverpuente.com\\\/wp-content\\\/uploads\\\/2023\\\/10\\\/oliver-puente-logo-imagotipo-principal-full-color-rgb.svg\",\"width\":609,\"height\":186,\"caption\":\"Oliver Puente\"},\"logo\":{\"@id\":\"https:\\\/\\\/oliverpuente.com\\\/wp-content\\\/uploads\\\/2023\\\/10\\\/oliver-puente-logo-imagotipo-principal-full-color-rgb.svg\"},\"description\":\"Dise\u00f1ador freelance de identidad de marca y UI\\\/UX con sede en Guatemala. Oliver Puente ayuda a las empresas a modernizar sus marcas.\",\"sameAs\":[\"http:\\\/\\\/www.oliverpuente.com\",\"https:\\\/\\\/www.facebook.com\\\/oliver.branding\",\"https:\\\/\\\/www.instagram.com\\\/oliver.branding\\\/\",\"https:\\\/\\\/www.linkedin.com\\\/in\\\/oliver-puente-branding\\\/\",\"https:\\\/\\\/www.pinterest.com\\\/oliverpuente916\\\/\",\"https:\\\/\\\/www.youtube.com\\\/c\\\/Dizalo\\\/featured\"],\"knowsAbout\":[\"Branding\",\"UI\",\"UX\",\"Dise\u00f1o Web\"],\"knowsLanguage\":[\"espa\u00f1ol\",\"ingl\u00e9s\"],\"jobTitle\":\"Dise\u00f1ador de marcas\",\"worksFor\":\"Dizalo\",\"url\":\"https:\\\/\\\/oliverpuente.com\\\/en\\\/author\\\/puentegutierrezzzoliversho\\\/\"}]}<\/script>\n<!-- \/ Yoast SEO Premium plugin. -->","yoast_head_json":{"title":"Personal branding \u00bfDeber\u00eda trabajar con mi marca personal o empresarial?","description":"Personal branding - Descubre como gestionar y mejorar tu marca personal en este completo art\u00edculo de branding","robots":{"index":"index","follow":"follow","max-snippet":"max-snippet:-1","max-image-preview":"max-image-preview:large","max-video-preview":"max-video-preview:-1"},"canonical":"https:\/\/oliverpuente.com\/en\/branding\/personal-branding-deberia-trabajar-con-mi-marca-personal-o-empresarial\/","og_locale":"en_US","og_type":"article","og_title":"Personal branding \u00bfDeber\u00eda trabajar con mi marca personal o empresarial?","og_description":"Branding","og_url":"https:\/\/oliverpuente.com\/en\/branding\/personal-branding-deberia-trabajar-con-mi-marca-personal-o-empresarial\/","og_site_name":"oliverpuente","article_publisher":"https:\/\/www.facebook.com\/oliver.branding","article_author":"https:\/\/www.facebook.com\/oliver.branding","article_published_time":"2024-07-25T23:47:18+00:00","article_modified_time":"2024-07-25T23:48:31+00:00","og_image":[{"width":738,"height":562,"url":"https:\/\/oliverpuente.com\/wp-content\/uploads\/2023\/10\/ilustracion-y-patronesRecurso-26@2x.png","type":"image\/png"}],"author":"Oliver Puente","twitter_card":"summary_large_image","twitter_misc":{"Written by":"Oliver Puente","Est. reading time":"6 minutes"},"schema":{"@context":"https:\/\/schema.org","@graph":[{"@type":"Article","@id":"https:\/\/oliverpuente.com\/branding\/personal-branding-deberia-trabajar-con-mi-marca-personal-o-empresarial\/#article","isPartOf":{"@id":"https:\/\/oliverpuente.com\/branding\/personal-branding-deberia-trabajar-con-mi-marca-personal-o-empresarial\/"},"author":{"name":"Oliver Puente","@id":"https:\/\/oliverpuente.com\/#\/schema\/person\/84c34fc032a089970dd7d3a9cf7899c7"},"headline":"Personal branding \u00bfDeber\u00eda trabajar con mi marca personal o empresarial?","datePublished":"2024-07-25T23:47:18+00:00","dateModified":"2024-07-25T23:48:31+00:00","mainEntityOfPage":{"@id":"https:\/\/oliverpuente.com\/branding\/personal-branding-deberia-trabajar-con-mi-marca-personal-o-empresarial\/"},"wordCount":1354,"commentCount":0,"publisher":{"@id":"https:\/\/oliverpuente.com\/#\/schema\/person\/84c34fc032a089970dd7d3a9cf7899c7"},"articleSection":["Branding"],"inLanguage":"en-US","potentialAction":[{"@type":"CommentAction","name":"Comment","target":["https:\/\/oliverpuente.com\/branding\/personal-branding-deberia-trabajar-con-mi-marca-personal-o-empresarial\/#respond"]}]},{"@type":"WebPage","@id":"https:\/\/oliverpuente.com\/branding\/personal-branding-deberia-trabajar-con-mi-marca-personal-o-empresarial\/","url":"https:\/\/oliverpuente.com\/branding\/personal-branding-deberia-trabajar-con-mi-marca-personal-o-empresarial\/","name":"Personal branding \u00bfDeber\u00eda trabajar con mi marca personal o empresarial?","isPartOf":{"@id":"https:\/\/oliverpuente.com\/#website"},"datePublished":"2024-07-25T23:47:18+00:00","dateModified":"2024-07-25T23:48:31+00:00","description":"Personal branding - Descubre como gestionar y mejorar tu marca personal en este completo art\u00edculo de branding","breadcrumb":{"@id":"https:\/\/oliverpuente.com\/branding\/personal-branding-deberia-trabajar-con-mi-marca-personal-o-empresarial\/#breadcrumb"},"inLanguage":"en-US","potentialAction":[{"@type":"ReadAction","target":["https:\/\/oliverpuente.com\/branding\/personal-branding-deberia-trabajar-con-mi-marca-personal-o-empresarial\/"]}]},{"@type":"BreadcrumbList","@id":"https:\/\/oliverpuente.com\/branding\/personal-branding-deberia-trabajar-con-mi-marca-personal-o-empresarial\/#breadcrumb","itemListElement":[{"@type":"ListItem","position":1,"name":"Home","item":"https:\/\/oliverpuente.com\/"},{"@type":"ListItem","position":2,"name":"Personal branding \u00bfDeber\u00eda trabajar con mi marca personal o empresarial?"}]},{"@type":"WebSite","@id":"https:\/\/oliverpuente.com\/#website","url":"https:\/\/oliverpuente.com\/","name":"oliverpuente","description":"Identidad de marca - Dise\u00f1ador de identidad de marca","publisher":{"@id":"https:\/\/oliverpuente.com\/#\/schema\/person\/84c34fc032a089970dd7d3a9cf7899c7"},"alternateName":"Oliver Puente","potentialAction":[{"@type":"SearchAction","target":{"@type":"EntryPoint","urlTemplate":"https:\/\/oliverpuente.com\/?s={search_term_string}"},"query-input":{"@type":"PropertyValueSpecification","valueRequired":true,"valueName":"search_term_string"}}],"inLanguage":"en-US"},{"@type":["Person","Organization"],"@id":"https:\/\/oliverpuente.com\/#\/schema\/person\/84c34fc032a089970dd7d3a9cf7899c7","name":"Oliver Puente","image":{"@type":"ImageObject","inLanguage":"en-US","@id":"https:\/\/oliverpuente.com\/wp-content\/uploads\/2023\/10\/oliver-puente-logo-imagotipo-principal-full-color-rgb.svg","url":"https:\/\/oliverpuente.com\/wp-content\/uploads\/2023\/10\/oliver-puente-logo-imagotipo-principal-full-color-rgb.svg","contentUrl":"https:\/\/oliverpuente.com\/wp-content\/uploads\/2023\/10\/oliver-puente-logo-imagotipo-principal-full-color-rgb.svg","width":609,"height":186,"caption":"Oliver Puente"},"logo":{"@id":"https:\/\/oliverpuente.com\/wp-content\/uploads\/2023\/10\/oliver-puente-logo-imagotipo-principal-full-color-rgb.svg"},"description":"Dise\u00f1ador freelance de identidad de marca y UI\/UX con sede en Guatemala. Oliver Puente ayuda a las empresas a modernizar sus marcas.","sameAs":["http:\/\/www.oliverpuente.com","https:\/\/www.facebook.com\/oliver.branding","https:\/\/www.instagram.com\/oliver.branding\/","https:\/\/www.linkedin.com\/in\/oliver-puente-branding\/","https:\/\/www.pinterest.com\/oliverpuente916\/","https:\/\/www.youtube.com\/c\/Dizalo\/featured"],"knowsAbout":["Branding","UI","UX","Dise\u00f1o Web"],"knowsLanguage":["espa\u00f1ol","ingl\u00e9s"],"jobTitle":"Dise\u00f1ador de marcas","worksFor":"Dizalo","url":"https:\/\/oliverpuente.com\/en\/author\/puentegutierrezzzoliversho\/"}]}},"_links":{"self":[{"href":"https:\/\/oliverpuente.com\/en\/wp-json\/wp\/v2\/posts\/5470","targetHints":{"allow":["GET"]}}],"collection":[{"href":"https:\/\/oliverpuente.com\/en\/wp-json\/wp\/v2\/posts"}],"about":[{"href":"https:\/\/oliverpuente.com\/en\/wp-json\/wp\/v2\/types\/post"}],"author":[{"embeddable":true,"href":"https:\/\/oliverpuente.com\/en\/wp-json\/wp\/v2\/users\/1"}],"replies":[{"embeddable":true,"href":"https:\/\/oliverpuente.com\/en\/wp-json\/wp\/v2\/comments?post=5470"}],"version-history":[{"count":5,"href":"https:\/\/oliverpuente.com\/en\/wp-json\/wp\/v2\/posts\/5470\/revisions"}],"predecessor-version":[{"id":5481,"href":"https:\/\/oliverpuente.com\/en\/wp-json\/wp\/v2\/posts\/5470\/revisions\/5481"}],"wp:attachment":[{"href":"https:\/\/oliverpuente.com\/en\/wp-json\/wp\/v2\/media?parent=5470"}],"wp:term":[{"taxonomy":"category","embeddable":true,"href":"https:\/\/oliverpuente.com\/en\/wp-json\/wp\/v2\/categories?post=5470"},{"taxonomy":"post_tag","embeddable":true,"href":"https:\/\/oliverpuente.com\/en\/wp-json\/wp\/v2\/tags?post=5470"}],"curies":[{"name":"wp","href":"https:\/\/api.w.org\/{rel}","templated":true}]}}